{"id":181,"date":"2023-04-16T15:38:08","date_gmt":"2023-04-16T18:38:08","guid":{"rendered":"http:\/\/br576.teste.website\/~baruda15\/temporario.com\/?p=181"},"modified":"2026-03-10T08:34:24","modified_gmt":"2026-03-10T11:34:24","slug":"maquintex-signs","status":"publish","type":"post","link":"https:\/\/barudan.com.br\/site\/maquintex-signs\/","title":{"rendered":"Maquintex 2027"},"content":{"rendered":"<p><img decoding=\"async\" class=\"alignnone size-full wp-image-2535\" src=\"http:\/\/barudan.com.br\/site\/wp-content\/uploads\/2023\/04\/site-9-scaled.jpg\" alt=\"\" width=\"2560\" height=\"628\" srcset=\"https:\/\/barudan.com.br\/site\/wp-content\/uploads\/2023\/04\/site-9-200x49.jpg 200w, https:\/\/barudan.com.br\/site\/wp-content\/uploads\/2023\/04\/site-9-300x74.jpg 300w, https:\/\/barudan.com.br\/site\/wp-content\/uploads\/2023\/04\/site-9-400x98.jpg 400w, https:\/\/barudan.com.br\/site\/wp-content\/uploads\/2023\/04\/site-9-600x147.jpg 600w, https:\/\/barudan.com.br\/site\/wp-content\/uploads\/2023\/04\/site-9-768x188.jpg 768w, https:\/\/barudan.com.br\/site\/wp-content\/uploads\/2023\/04\/site-9-800x196.jpg 800w, https:\/\/barudan.com.br\/site\/wp-content\/uploads\/2023\/04\/site-9-1024x251.jpg 1024w, https:\/\/barudan.com.br\/site\/wp-content\/uploads\/2023\/04\/site-9-1200x294.jpg 1200w, https:\/\/barudan.com.br\/site\/wp-content\/uploads\/2023\/04\/site-9-1536x377.jpg 1536w, https:\/\/barudan.com.br\/site\/wp-content\/uploads\/2023\/04\/site-9-scaled.jpg 2560w\" sizes=\"(max-width: 2560px) 100vw, 2560px\" \/><\/p>\n<p>A Maquintex, Feira de M\u00e1quinas, Equipamentos, Servi\u00e7os e Qu\u00edmica para a Ind\u00fastria T\u00eaxtil e de Confec\u00e7\u00e3o \u00e9 refer\u00eancia do setor t\u00eaxtil e re\u00fane as principais marcas nacionais e internacionais com inova\u00e7\u00e3o, tecnologia e conhecimento.<\/p>\n<p><strong>O Centro de Eventos do Cear\u00e1 \u00e9 um dos mais modernos e bem equipados da Am\u00e9rica Latina e o segundo maior do Brasil em \u00e1rea \u00fatil.<\/strong><\/p>\n<p><strong>Data:<\/strong> de 05 a 07 de outubro de 2027<\/p>\n<p><strong>Local:<\/strong> Centro de Eventos do Cear\u00e1 &#8211; Pavilh\u00e3o Oeste.<\/p>\n<p><strong>Endere\u00e7o:<\/strong> Av. Washington Soares 999 &#8211; Dion\u00edsio Torres, Fortaleza &#8211; CE<\/p>\n<p><strong>Venha nos visitar !!!<\/strong><\/p>\n<p>&nbsp;<\/p>\n<p>&nbsp;<\/p>\n<p>&nbsp;<\/p>\n<p>&nbsp;<\/p>\n","protected":false},"excerpt":{"rendered":"<p>Feira de M\u00e1quinas, Equipamentos, Servi\u00e7os e Qu\u00edmica para a Ind\u00fastria T\u00eaxtil e de Confec\u00e7\u00e3o.<\/p>\n","protected":false},"author":1,"featured_media":2536,"comment_status":"open","ping_status":"open","sticky":false,"template":"","format":"standard","meta":{"footnotes":""},"categories":[6],"tags":[],"class_list":["post-181","post","type-post","status-publish","format-standard","has-post-thumbnail","hentry","category-eventos"],"_links":{"self":[{"href":"https:\/\/barudan.com.br\/site\/wp-json\/wp\/v2\/posts\/181","targetHints":{"allow":["GET"]}}],"collection":[{"href":"https:\/\/barudan.com.br\/site\/wp-json\/wp\/v2\/posts"}],"about":[{"href":"https:\/\/barudan.com.br\/site\/wp-json\/wp\/v2\/types\/post"}],"author":[{"embeddable":true,"href":"https:\/\/barudan.com.br\/site\/wp-json\/wp\/v2\/users\/1"}],"replies":[{"embeddable":true,"href":"https:\/\/barudan.com.br\/site\/wp-json\/wp\/v2\/comments?post=181"}],"version-history":[{"count":11,"href":"https:\/\/barudan.com.br\/site\/wp-json\/wp\/v2\/posts\/181\/revisions"}],"predecessor-version":[{"id":2537,"href":"https:\/\/barudan.com.br\/site\/wp-json\/wp\/v2\/posts\/181\/revisions\/2537"}],"wp:featuredmedia":[{"embeddable":true,"href":"https:\/\/barudan.com.br\/site\/wp-json\/wp\/v2\/media\/2536"}],"wp:attachment":[{"href":"https:\/\/barudan.com.br\/site\/wp-json\/wp\/v2\/media?parent=181"}],"wp:term":[{"taxonomy":"category","embeddable":true,"href":"https:\/\/barudan.com.br\/site\/wp-json\/wp\/v2\/categories?post=181"},{"taxonomy":"post_tag","embeddable":true,"href":"https:\/\/barudan.com.br\/site\/wp-json\/wp\/v2\/tags?post=181"}],"curies":[{"name":"wp","href":"https:\/\/api.w.org\/{rel}","templated":true}]}}